{"id":109921,"date":"2024-10-28T11:04:05","date_gmt":"2024-10-28T08:04:05","guid":{"rendered":"https:\/\/avicennaint.com\/?p=109921"},"modified":"2024-10-28T11:04:06","modified_gmt":"2024-10-28T08:04:06","slug":"augenlidkorrektur-in-der-tuerkei","status":"publish","type":"post","link":"https:\/\/avicennaint.com\/de\/augenlidkorrektur-in-der-tuerkei\/","title":{"rendered":"Augenlidkorrektur in der T\u00fcrkei"},"content":{"rendered":"\n<p>Im Avicenna International Hospital verstehen wir, wie sehr der Alterungsprozess das Erscheinungsbild beeinflussen kann \u2013 insbesondere rund um die Augen. Die Entstehung von \u00fcbersch\u00fcssiger Haut, Erschlaffung und Tr\u00e4nens\u00e4cken kann das Selbstbewusstsein erheblich beeintr\u00e4chtigen. Unsere Spezialisten bieten fortschrittliche L\u00f6sungen, um diese Probleme anzugehen und Ihnen zu einem frischeren und jugendlicheren Aussehen zu verhelfen. Wenn Sie eine Augenlidkorrektur in der T\u00fcrkei in Erw\u00e4gung ziehen, sind unsere Experten darauf bedacht, Ihnen eine erstklassige Betreuung und beeindruckende Ergebnisse zu bieten.<\/p>\n\n\n\n<h2 class=\"wp-block-heading\" id=\"h-avicenna-hospital-plastische-chirurgie-zentrum-informationen-amp-preise\">Avicenna Hospital Plastische Chirurgie Zentrum: Informationen &amp; Preise<\/h2>\n\n\n\n<h2 class=\"wp-block-heading\" id=\"h-was-ist-eine-augenlidkorrektur\"><br>Was ist eine Augenlidkorrektur?<\/h2>\n\n\n\n<p>Mit dem Alter verliert die Haut um die Augen oft an Elastizit\u00e4t und zeigt erste Zeichen des AlternsDie Augenlidkorrektur, auch untere Lidstraffung oder Blepharoplastik genannt, ist ein kosmetischer Eingriff. Dabei werden \u00fcbersch\u00fcssige Haut und Fett entfernt, Muskeln werden bei Bedarf gestrafft. Der Eingriff verj\u00fcngt nicht nur das Aussehen, sondern kann auch funktionelle Probleme beheben, wie eingeschr\u00e4nktes Sehverm\u00f6gen durch h\u00e4ngende Lider.<\/p>\n\n\n\n<h2 class=\"wp-block-heading\" id=\"h-warum-eine-augenlidkorrektur\">Warum eine Augenlidkorrektur?<\/h2>\n\n\n\n<p>Der Spiegel zeigt oft die ersten Spuren des Alterns um die Augen. Schlupflider, Tr\u00e4nens\u00e4cke und sogar beeintr\u00e4chtigtes Sehverm\u00f6gen k\u00f6nnen das Selbstvertrauen beeintr\u00e4chtigen. Die Augenlidkorrektur bietet eine M\u00f6glichkeit, einen wachen und jugendlichen Ausdruck zur\u00fcckzugewinnen. Egal, ob die Entstehung von Tr\u00e4nens\u00e4cken genetisch bedingt ist oder durch die Zeit ihre Spuren hinterlassen hat \u2013 die Blepharoplastik hilft, Ihr \u00e4sthetisches Ziel zu erreichen.<\/p>\n\n\n\n<h2 class=\"wp-block-heading\" id=\"h-was-sie-von-einer-augenlidkorrektur-erwarten-konnen\">Was Sie von einer Augenlidkorrektur erwarten k\u00f6nnen<\/h2>\n\n\n\n<p>W\u00e4hrend der Operation verabreicht ein erfahrener Chirurg eine Narkose und setzt pr\u00e4zise Schnitte entlang der nat\u00fcrlichen Lidfalten, um Narben m\u00f6glichst unsichtbar zu halten. \u00dcbersch\u00fcssige Haut, Fett und Muskeln werden entfernt, um ein frischeres und jugendlicheres Aussehen zu erzielen. Diese Methode kann die gesamte Augenpartie verbessern und einen wachen, lebendigen Ausdruck wiederherstellen.<\/p>\n\n\n\n<p>Die Augenlidkorrektur kann sowohl an den oberen als auch unteren Lidern durchgef\u00fchrt werden \u2013 je nach den Bed\u00fcrfnissen des Patienten. Obwohl die Blepharoplastik effektiv gegen Tr\u00e4nens\u00e4cke wirkt, werden Kr\u00e4henf\u00fc\u00dfe oder dunkle Augenringe nicht behandelt. F\u00fcr diese Probleme empfehlen wir zus\u00e4tzliche Behandlungen wie Anti-Falten-Injektionen oder ein Brauenlifting.<\/p>\n\n\n\n<h2 class=\"wp-block-heading\" id=\"h-vorteile-einer-augenlidkorrektur-in-der-turkei\">Vorteile einer Augenlidkorrektur in der T\u00fcrkei<\/h2>\n\n\n\n<p>Die Wahl der T\u00fcrkei f\u00fcr Ihre Augenlidkorrektur bietet viele Vorteile:<\/p>\n\n\n\n<ul class=\"wp-block-list\">\n<li>Erfahrene Chirurgen: Die plastischen Chirurgen in der T\u00fcrkei sind bekannt f\u00fcr ihre Expertise und ihren hohen Qualit\u00e4tsanspruch bei kosmetischen Eingriffen, einschlie\u00dflich der Blepharoplastik.<\/li>\n\n\n\n<li>Modernste Einrichtungen: Kliniken wie das Avicenna International Hospital sind mit der neuesten chirurgischen Technologie ausgestattet, um die Patientensicherheit zu gew\u00e4hrleisten und optimale Ergebnisse zu erzielen.<\/li>\n\n\n\n<li>Kosteneffizienz: Die Kosten f\u00fcr eine Augenlidkorrektur in der T\u00fcrkei sind oft g\u00fcnstiger als in anderen L\u00e4ndern, ohne dabei Kompromisse bei der Qualit\u00e4t einzugehen.<\/li>\n\n\n\n<li>Ganzheitliche Betreuung: Wir bieten eine umfassende Betreuung, die von der Beratung vor der Operation bis zur pers\u00f6nlichen Nachsorge reicht, um Ihre Genesung bestm\u00f6glich zu unterst\u00fctzen.<\/li>\n<\/ul>\n\n\n\n<h2 class=\"wp-block-heading\" id=\"h-unser-ansatz-zur-patientenversorgung\">Unser Ansatz zur Patientenversorgung<\/h2>\n\n\n\n<p>Im Avicenna International Hospital stehen unsere Patienten im Mittelpunkt. Vom ersten Beratungsgespr\u00e4ch bis zur Nachsorge zielen unsere Bem\u00fchungen darauf ab, Ihre \u00e4sthetischen Ziele zu verstehen und zu erreichen, w\u00e4hrend wir die h\u00f6chsten medizinischen Standards einhalten.<\/p>\n\n\n\n<h2 class=\"wp-block-heading\" id=\"h-vor-dem-eingriff\">Vor dem Eingriff<\/h2>\n\n\n\n<p>In der Erstberatung erhalten Sie umfassende Informationen \u00fcber die Blepharoplastik. Wir legen Wert darauf, realistische Erwartungen zu setzen und sowohl die Vorteile als auch die Grenzen der Augenlidkorrektur zu besprechen. Sie erhalten individuelle Ratschl\u00e4ge und Anweisungen, um sich optimal auf die Behandlung vorzubereiten.<\/p>\n\n\n\n<h2 class=\"wp-block-heading\" id=\"h-wahrend-des-eingriffs\">W\u00e4hrend des Eingriffs<\/h2>\n\n\n\n<p>Unsere Chirurgen wenden pr\u00e4zise Techniken an, um minimale Narben und optimale \u00e4sthetische Ergebnisse zu gew\u00e4hrleisten. Die Dauer des Eingriffs variiert, betr\u00e4gt jedoch in der Regel ein bis zwei Stunden, je nachdem, ob Sie eine obere, untere oder kombinierte Augenlidkorrektur durchf\u00fchren lassen.<\/p>\n\n\n\n<h2 class=\"wp-block-heading\" id=\"h-nach-dem-eingriff\">Nach dem Eingriff<\/h2>\n\n\n\n<p>Die Nachsorge ist entscheidend f\u00fcr eine erfolgreiche Genesung. Wir geben detaillierte Anweisungen zur Schmerzlinderung, zur Verringerung von Schwellungen und zur Pflege der Schnittstellen. Nachkontrollen werden geplant, um den Heilungsprozess zu \u00fcberwachen und m\u00f6gliche Fragen zu kl\u00e4ren.<\/p>\n\n\n\n<h2 class=\"wp-block-heading\" id=\"h-risiken-der-augenlidkorrektur\">Risiken der Augenlidkorrektur<\/h2>\n\n\n\n<p>Die Augenlidkorrektur in der T\u00fcrkei wird immer beliebter, da das Land Qualit\u00e4t und Erschwinglichkeit vereint. Im Avicenna International Hospital bieten wir exzellente plastische Chirurgie. Wir schaffen eine f\u00fcrsorgliche und professionelle Umgebung. Darauf sind wir stolz!<\/p>\n\n\n\n<p>Wir laden Sie ein, Kontakt mit uns aufzunehmen, um zu erfahren, wie die Augenlidkorrektur Ihnen helfen kann. Unser Team begleitet Sie auf jedem Schritt Ihrer Reise zu einem jugendlicheren und lebendigeren Aussehen. <a href=\"https:\/\/avicennaint.com\/de\/gesichtschirurgie-in-der-tuerkei\/\" target=\"_blank\" rel=\"noreferrer noopener\">Kontaktieren Sie uns<\/a> im Avicenna International Hospital, um weitere Informationen zu erhalten oder einen Beratungstermin f\u00fcr eine Blepharoplastik in der T\u00fcrkei zu vereinbaren \u2013 wo Qualit\u00e4t auf Exzellenz trifft.<\/p>\n\n\n\n<div class=\"schema-faq wp-block-yoast-faq-block\"><div class=\"schema-faq-section\" id=\"faq-question-1730102048285\"><strong class=\"schema-faq-question\">Was kostet eine Augenlidstraffung in der T\u00fcrkei?<\/strong> <p class=\"schema-faq-answer\">Die T\u00fcrkei ist bekannt f\u00fcr ihr hervorragendes Preis-Leistungs-Verh\u00e4ltnis. Eine Augenlidstraffung hier zu planen, bedeutet, in Ihre \u00e4sthetische Reise zu investieren, ohne die Qualit\u00e4t zu kompromittieren. Im Avicenna International Hospital stehen wir f\u00fcr Exzellenz \u2013 und gleichzeitig f\u00fcr eine kluge, kosteneffiziente Entscheidung.<\/p> <\/div> <div class=\"schema-faq-section\" id=\"faq-question-1730102069372\"><strong class=\"schema-faq-question\">Was ist die durchschnittliche Erholungszeit nach einer Augenlidstraffung in der T\u00fcrkei?<\/strong> <p class=\"schema-faq-answer\">Die Erholungszeit nach einer Augenlidstraffung kann von Person zu Person unterschiedlich sein. Die meisten Patienten sind jedoch in der Regel nach etwa einer Woche bis zehn Tagen wieder bereit, ihren gewohnten Aktivit\u00e4ten nachzugehen. Dabei h\u00e4ngt es oft vom individuellen Heilungsprozess und den postoperativen Empfehlungen des Arztes ab.<\/p> <\/div> <\/div>\n","protected":false},"excerpt":{"rendered":"<p>Im Avicenna International Hospital verstehen wir, wie sehr der Alterungsprozess das Erscheinungsbild beeinflussen kann \u2013 insbesondere rund um die Augen. Die Entstehung von \u00fcbersch\u00fcssiger Haut, Erschlaffung und Tr\u00e4nens\u00e4cken kann das Selbstbewusstsein erheblich beeintr\u00e4chtigen. Unsere Spezialisten bieten fortschrittliche L\u00f6sungen, um diese Probleme anzugehen und Ihnen zu einem frischeren und jugendlicheren Aussehen zu verhelfen. Wenn Sie eine&#8230;<\/p>\n","protected":false},"author":77,"featured_media":109924,"comment_status":"open","ping_status":"open","sticky":false,"template":"","format":"standard","meta":{"footnotes":""},"categories":[7595],"tags":[],"class_list":["post-109921","post","type-post","status-publish","format-standard","has-post-thumbnail","hentry","category-unkategorisiert"],"yoast_head":"<!-- This site is optimized with the Yoast SEO Premium plugin v27.5 (Yoast SEO v27.5) - https:\/\/yoast.com\/product\/yoast-seo-premium-wordpress\/ -->\n<title>Augenlidkorrektur in der T\u00fcrkei | Avicenna Krankenhaus<\/title>\n<meta name=\"description\" content=\"Erleben Sie eine professionelle Augenlidkorrektur in der T\u00fcrkei \u2013 f\u00fcr ein frisches Aussehen und neue Lebensqualit\u00e4t!\" \/>\n<meta name=\"robots\" content=\"index, follow, max-snippet:-1, max-image-preview:large, max-video-preview:-1\" \/>\n<link rel=\"canonical\" href=\"https:\/\/avicennaint.com\/de\/augenlidkorrektur-in-der-tuerkei\/\" \/>\n<meta property=\"og:locale\" content=\"de_DE\" \/>\n<meta property=\"og:type\" content=\"article\" \/>\n<meta property=\"og:title\" content=\"Augenlidkorrektur in der T\u00fcrkei\" \/>\n<meta property=\"og:description\" content=\"Im Avicenna International Hospital verstehen wir, wie sehr der Alterungsprozess das Erscheinungsbild beeinflussen kann \u2013 insbesondere rund um die Augen.\" \/>\n<meta property=\"og:url\" content=\"https:\/\/avicennaint.com\/de\/augenlidkorrektur-in-der-tuerkei\/\" \/>\n<meta property=\"og:site_name\" content=\"Avicenna Krankenhaus\" \/>\n<meta property=\"article:publisher\" content=\"https:\/\/www.facebook.com\/avicennaint\" \/>\n<meta property=\"article:published_time\" content=\"2024-10-28T08:04:05+00:00\" \/>\n<meta property=\"article:modified_time\" content=\"2024-10-28T08:04:06+00:00\" \/>\n<meta property=\"og:image\" content=\"https:\/\/avicennaint.com\/wp-content\/uploads\/2024\/10\/Augenlidkorrektur-in-der-Tuerkei.webp\" \/>\n\t<meta property=\"og:image:width\" content=\"1200\" \/>\n\t<meta property=\"og:image:height\" content=\"675\" \/>\n\t<meta property=\"og:image:type\" content=\"image\/webp\" \/>\n<meta name=\"author\" content=\"de\" \/>\n<meta name=\"twitter:card\" content=\"summary_large_image\" \/>\n<meta name=\"twitter:creator\" content=\"@avicennaintcom\" \/>\n<meta name=\"twitter:site\" content=\"@avicennaintcom\" \/>\n<meta name=\"twitter:label1\" content=\"Verfasst von\" \/>\n\t<meta name=\"twitter:data1\" content=\"de\" \/>\n\t<meta name=\"twitter:label2\" content=\"Gesch\u00e4tzte Lesezeit\" \/>\n\t<meta name=\"twitter:data2\" content=\"5\u00a0Minuten\" \/>\n<script type=\"application\/ld+json\" class=\"yoast-schema-graph\">{\"@context\":\"https:\\\/\\\/schema.org\",\"@graph\":[{\"@type\":\"Article\",\"@id\":\"https:\\\/\\\/avicennaint.com\\\/de\\\/augenlidkorrektur-in-der-tuerkei\\\/#article\",\"isPartOf\":{\"@id\":\"https:\\\/\\\/avicennaint.com\\\/de\\\/augenlidkorrektur-in-der-tuerkei\\\/\"},\"author\":{\"name\":\"de\",\"@id\":\"https:\\\/\\\/avicennaint.com\\\/de\\\/#\\\/schema\\\/person\\\/055e134b638372abce3844801c716637\"},\"headline\":\"Augenlidkorrektur in der T\u00fcrkei\",\"datePublished\":\"2024-10-28T08:04:05+00:00\",\"dateModified\":\"2024-10-28T08:04:06+00:00\",\"mainEntityOfPage\":{\"@id\":\"https:\\\/\\\/avicennaint.com\\\/de\\\/augenlidkorrektur-in-der-tuerkei\\\/\"},\"wordCount\":881,\"commentCount\":0,\"publisher\":{\"@id\":\"https:\\\/\\\/avicennaint.com\\\/de\\\/#organization\"},\"image\":{\"@id\":\"https:\\\/\\\/avicennaint.com\\\/de\\\/augenlidkorrektur-in-der-tuerkei\\\/#primaryimage\"},\"thumbnailUrl\":\"https:\\\/\\\/avicennaint.com\\\/wp-content\\\/uploads\\\/2024\\\/10\\\/Augenlidkorrektur-in-der-Tuerkei.webp\",\"articleSection\":[\"Unkategorisiert\"],\"inLanguage\":\"de\",\"potentialAction\":[{\"@type\":\"CommentAction\",\"name\":\"Comment\",\"target\":[\"https:\\\/\\\/avicennaint.com\\\/de\\\/augenlidkorrektur-in-der-tuerkei\\\/#respond\"]}]},{\"@type\":[\"WebPage\",\"MedicalWebPage\",\"FAQPage\"],\"@id\":\"https:\\\/\\\/avicennaint.com\\\/de\\\/augenlidkorrektur-in-der-tuerkei\\\/\",\"url\":\"https:\\\/\\\/avicennaint.com\\\/de\\\/augenlidkorrektur-in-der-tuerkei\\\/\",\"name\":\"Augenlidkorrektur in der T\u00fcrkei | Avicenna Krankenhaus\",\"isPartOf\":{\"@id\":\"https:\\\/\\\/avicennaint.com\\\/de\\\/#website\"},\"primaryImageOfPage\":{\"@id\":\"https:\\\/\\\/avicennaint.com\\\/de\\\/augenlidkorrektur-in-der-tuerkei\\\/#primaryimage\"},\"image\":{\"@id\":\"https:\\\/\\\/avicennaint.com\\\/de\\\/augenlidkorrektur-in-der-tuerkei\\\/#primaryimage\"},\"thumbnailUrl\":\"https:\\\/\\\/avicennaint.com\\\/wp-content\\\/uploads\\\/2024\\\/10\\\/Augenlidkorrektur-in-der-Tuerkei.webp\",\"datePublished\":\"2024-10-28T08:04:05+00:00\",\"dateModified\":\"2024-10-28T08:04:06+00:00\",\"description\":\"Erleben Sie eine professionelle Augenlidkorrektur in der T\u00fcrkei \u2013 f\u00fcr ein frisches Aussehen und neue Lebensqualit\u00e4t!\",\"breadcrumb\":{\"@id\":\"https:\\\/\\\/avicennaint.com\\\/de\\\/augenlidkorrektur-in-der-tuerkei\\\/#breadcrumb\"},\"mainEntity\":[{\"@id\":\"https:\\\/\\\/avicennaint.com\\\/de\\\/augenlidkorrektur-in-der-tuerkei\\\/#faq-question-1730102048285\"},{\"@id\":\"https:\\\/\\\/avicennaint.com\\\/de\\\/augenlidkorrektur-in-der-tuerkei\\\/#faq-question-1730102069372\"}],\"inLanguage\":\"de\",\"potentialAction\":[{\"@type\":\"ReadAction\",\"target\":[\"https:\\\/\\\/avicennaint.com\\\/de\\\/augenlidkorrektur-in-der-tuerkei\\\/\"]}]},{\"@type\":\"ImageObject\",\"inLanguage\":\"de\",\"@id\":\"https:\\\/\\\/avicennaint.com\\\/de\\\/augenlidkorrektur-in-der-tuerkei\\\/#primaryimage\",\"url\":\"https:\\\/\\\/avicennaint.com\\\/wp-content\\\/uploads\\\/2024\\\/10\\\/Augenlidkorrektur-in-der-Tuerkei.webp\",\"contentUrl\":\"https:\\\/\\\/avicennaint.com\\\/wp-content\\\/uploads\\\/2024\\\/10\\\/Augenlidkorrektur-in-der-Tuerkei.webp\",\"width\":1200,\"height\":675,\"caption\":\"Augenlidkorrektur in der T\u00fcrkei\"},{\"@type\":\"BreadcrumbList\",\"@id\":\"https:\\\/\\\/avicennaint.com\\\/de\\\/augenlidkorrektur-in-der-tuerkei\\\/#breadcrumb\",\"itemListElement\":[{\"@type\":\"ListItem\",\"position\":1,\"name\":\"Home\",\"item\":\"https:\\\/\\\/avicennaint.com\\\/de\\\/\"},{\"@type\":\"ListItem\",\"position\":2,\"name\":\"Augenlidkorrektur in der T\u00fcrkei\"}]},{\"@type\":\"WebSite\",\"@id\":\"https:\\\/\\\/avicennaint.com\\\/de\\\/#website\",\"url\":\"https:\\\/\\\/avicennaint.com\\\/de\\\/\",\"name\":\"Avicenna Hastanesi\",\"description\":\"Avicenna Atasehir Internationales Krankenhaus\",\"publisher\":{\"@id\":\"https:\\\/\\\/avicennaint.com\\\/de\\\/#organization\"},\"alternateName\":\"Avicenna\",\"potentialAction\":[{\"@type\":\"SearchAction\",\"target\":{\"@type\":\"EntryPoint\",\"urlTemplate\":\"https:\\\/\\\/avicennaint.com\\\/de\\\/?s={search_term_string}\"},\"query-input\":{\"@type\":\"PropertyValueSpecification\",\"valueRequired\":true,\"valueName\":\"search_term_string\"}}],\"inLanguage\":\"de\"},{\"@type\":\"Organization\",\"@id\":\"https:\\\/\\\/avicennaint.com\\\/de\\\/#organization\",\"name\":\"Avicenna Hastanesi\",\"alternateName\":\"Avicenna Hospital\",\"url\":\"https:\\\/\\\/avicennaint.com\\\/de\\\/\",\"logo\":{\"@type\":\"ImageObject\",\"inLanguage\":\"de\",\"@id\":\"https:\\\/\\\/avicennaint.com\\\/de\\\/#\\\/schema\\\/logo\\\/image\\\/\",\"url\":\"https:\\\/\\\/avicennaint.com\\\/wp-content\\\/uploads\\\/2021\\\/04\\\/avicenna-logo-kare-blog.jpg\",\"contentUrl\":\"https:\\\/\\\/avicennaint.com\\\/wp-content\\\/uploads\\\/2021\\\/04\\\/avicenna-logo-kare-blog.jpg\",\"width\":800,\"height\":450,\"caption\":\"Avicenna Hastanesi\"},\"image\":{\"@id\":\"https:\\\/\\\/avicennaint.com\\\/de\\\/#\\\/schema\\\/logo\\\/image\\\/\"},\"sameAs\":[\"https:\\\/\\\/www.facebook.com\\\/avicennaint\",\"https:\\\/\\\/x.com\\\/avicennaintcom\",\"https:\\\/\\\/mastodon.social\\\/@avicenna\",\"https:\\\/\\\/www.instagram.com\\\/avicennahastanesi\\\/\",\"https:\\\/\\\/www.linkedin.com\\\/company\\\/avicennahastanesi\\\/\",\"https:\\\/\\\/www.youtube.com\\\/@avicennaint\\\/\",\"https:\\\/\\\/www.instagram.com\\\/avicennaint\\\/\"]},{\"@type\":\"Person\",\"@id\":\"https:\\\/\\\/avicennaint.com\\\/de\\\/#\\\/schema\\\/person\\\/055e134b638372abce3844801c716637\",\"name\":\"de\",\"image\":{\"@type\":\"ImageObject\",\"inLanguage\":\"de\",\"@id\":\"https:\\\/\\\/secure.gravatar.com\\\/avatar\\\/4407178cf65062f6e68b11e82005122b52c0369f98dd794de2bed09d8e2addc1?s=96&d=blank&r=g\",\"url\":\"https:\\\/\\\/secure.gravatar.com\\\/avatar\\\/4407178cf65062f6e68b11e82005122b52c0369f98dd794de2bed09d8e2addc1?s=96&d=blank&r=g\",\"contentUrl\":\"https:\\\/\\\/secure.gravatar.com\\\/avatar\\\/4407178cf65062f6e68b11e82005122b52c0369f98dd794de2bed09d8e2addc1?s=96&d=blank&r=g\",\"caption\":\"de\"},\"url\":\"https:\\\/\\\/avicennaint.com\\\/de\\\/author\\\/de\\\/\"},{\"@type\":\"Question\",\"@id\":\"https:\\\/\\\/avicennaint.com\\\/de\\\/augenlidkorrektur-in-der-tuerkei\\\/#faq-question-1730102048285\",\"position\":1,\"url\":\"https:\\\/\\\/avicennaint.com\\\/de\\\/augenlidkorrektur-in-der-tuerkei\\\/#faq-question-1730102048285\",\"name\":\"Was kostet eine Augenlidstraffung in der T\u00fcrkei?\",\"answerCount\":1,\"acceptedAnswer\":{\"@type\":\"Answer\",\"text\":\"Die T\u00fcrkei ist bekannt f\u00fcr ihr hervorragendes Preis-Leistungs-Verh\u00e4ltnis. Eine Augenlidstraffung hier zu planen, bedeutet, in Ihre \u00e4sthetische Reise zu investieren, ohne die Qualit\u00e4t zu kompromittieren. Im Avicenna International Hospital stehen wir f\u00fcr Exzellenz \u2013 und gleichzeitig f\u00fcr eine kluge, kosteneffiziente Entscheidung.\",\"inLanguage\":\"de\"},\"inLanguage\":\"de\"},{\"@type\":\"Question\",\"@id\":\"https:\\\/\\\/avicennaint.com\\\/de\\\/augenlidkorrektur-in-der-tuerkei\\\/#faq-question-1730102069372\",\"position\":2,\"url\":\"https:\\\/\\\/avicennaint.com\\\/de\\\/augenlidkorrektur-in-der-tuerkei\\\/#faq-question-1730102069372\",\"name\":\"Was ist die durchschnittliche Erholungszeit nach einer Augenlidstraffung in der T\u00fcrkei?\",\"answerCount\":1,\"acceptedAnswer\":{\"@type\":\"Answer\",\"text\":\"Die Erholungszeit nach einer Augenlidstraffung kann von Person zu Person unterschiedlich sein. Die meisten Patienten sind jedoch in der Regel nach etwa einer Woche bis zehn Tagen wieder bereit, ihren gewohnten Aktivit\u00e4ten nachzugehen. Dabei h\u00e4ngt es oft vom individuellen Heilungsprozess und den postoperativen Empfehlungen des Arztes ab.\",\"inLanguage\":\"de\"},\"inLanguage\":\"de\"}]}<\/script>\n<!-- \/ Yoast SEO Premium plugin. -->","yoast_head_json":{"title":"Augenlidkorrektur in der T\u00fcrkei | Avicenna Krankenhaus","description":"Erleben Sie eine professionelle Augenlidkorrektur in der T\u00fcrkei \u2013 f\u00fcr ein frisches Aussehen und neue Lebensqualit\u00e4t!","robots":{"index":"index","follow":"follow","max-snippet":"max-snippet:-1","max-image-preview":"max-image-preview:large","max-video-preview":"max-video-preview:-1"},"canonical":"https:\/\/avicennaint.com\/de\/augenlidkorrektur-in-der-tuerkei\/","og_locale":"de_DE","og_type":"article","og_title":"Augenlidkorrektur in der T\u00fcrkei","og_description":"Im Avicenna International Hospital verstehen wir, wie sehr der Alterungsprozess das Erscheinungsbild beeinflussen kann \u2013 insbesondere rund um die Augen.","og_url":"https:\/\/avicennaint.com\/de\/augenlidkorrektur-in-der-tuerkei\/","og_site_name":"Avicenna Krankenhaus","article_publisher":"https:\/\/www.facebook.com\/avicennaint","article_published_time":"2024-10-28T08:04:05+00:00","article_modified_time":"2024-10-28T08:04:06+00:00","og_image":[{"width":1200,"height":675,"url":"https:\/\/avicennaint.com\/wp-content\/uploads\/2024\/10\/Augenlidkorrektur-in-der-Tuerkei.webp","type":"image\/webp"}],"author":"de","twitter_card":"summary_large_image","twitter_creator":"@avicennaintcom","twitter_site":"@avicennaintcom","twitter_misc":{"Verfasst von":"de","Gesch\u00e4tzte Lesezeit":"5\u00a0Minuten"},"schema":{"@context":"https:\/\/schema.org","@graph":[{"@type":"Article","@id":"https:\/\/avicennaint.com\/de\/augenlidkorrektur-in-der-tuerkei\/#article","isPartOf":{"@id":"https:\/\/avicennaint.com\/de\/augenlidkorrektur-in-der-tuerkei\/"},"author":{"name":"de","@id":"https:\/\/avicennaint.com\/de\/#\/schema\/person\/055e134b638372abce3844801c716637"},"headline":"Augenlidkorrektur in der T\u00fcrkei","datePublished":"2024-10-28T08:04:05+00:00","dateModified":"2024-10-28T08:04:06+00:00","mainEntityOfPage":{"@id":"https:\/\/avicennaint.com\/de\/augenlidkorrektur-in-der-tuerkei\/"},"wordCount":881,"commentCount":0,"publisher":{"@id":"https:\/\/avicennaint.com\/de\/#organization"},"image":{"@id":"https:\/\/avicennaint.com\/de\/augenlidkorrektur-in-der-tuerkei\/#primaryimage"},"thumbnailUrl":"https:\/\/avicennaint.com\/wp-content\/uploads\/2024\/10\/Augenlidkorrektur-in-der-Tuerkei.webp","articleSection":["Unkategorisiert"],"inLanguage":"de","potentialAction":[{"@type":"CommentAction","name":"Comment","target":["https:\/\/avicennaint.com\/de\/augenlidkorrektur-in-der-tuerkei\/#respond"]}]},{"@type":["WebPage","MedicalWebPage","FAQPage"],"@id":"https:\/\/avicennaint.com\/de\/augenlidkorrektur-in-der-tuerkei\/","url":"https:\/\/avicennaint.com\/de\/augenlidkorrektur-in-der-tuerkei\/","name":"Augenlidkorrektur in der T\u00fcrkei | Avicenna Krankenhaus","isPartOf":{"@id":"https:\/\/avicennaint.com\/de\/#website"},"primaryImageOfPage":{"@id":"https:\/\/avicennaint.com\/de\/augenlidkorrektur-in-der-tuerkei\/#primaryimage"},"image":{"@id":"https:\/\/avicennaint.com\/de\/augenlidkorrektur-in-der-tuerkei\/#primaryimage"},"thumbnailUrl":"https:\/\/avicennaint.com\/wp-content\/uploads\/2024\/10\/Augenlidkorrektur-in-der-Tuerkei.webp","datePublished":"2024-10-28T08:04:05+00:00","dateModified":"2024-10-28T08:04:06+00:00","description":"Erleben Sie eine professionelle Augenlidkorrektur in der T\u00fcrkei \u2013 f\u00fcr ein frisches Aussehen und neue Lebensqualit\u00e4t!","breadcrumb":{"@id":"https:\/\/avicennaint.com\/de\/augenlidkorrektur-in-der-tuerkei\/#breadcrumb"},"mainEntity":[{"@id":"https:\/\/avicennaint.com\/de\/augenlidkorrektur-in-der-tuerkei\/#faq-question-1730102048285"},{"@id":"https:\/\/avicennaint.com\/de\/augenlidkorrektur-in-der-tuerkei\/#faq-question-1730102069372"}],"inLanguage":"de","potentialAction":[{"@type":"ReadAction","target":["https:\/\/avicennaint.com\/de\/augenlidkorrektur-in-der-tuerkei\/"]}]},{"@type":"ImageObject","inLanguage":"de","@id":"https:\/\/avicennaint.com\/de\/augenlidkorrektur-in-der-tuerkei\/#primaryimage","url":"https:\/\/avicennaint.com\/wp-content\/uploads\/2024\/10\/Augenlidkorrektur-in-der-Tuerkei.webp","contentUrl":"https:\/\/avicennaint.com\/wp-content\/uploads\/2024\/10\/Augenlidkorrektur-in-der-Tuerkei.webp","width":1200,"height":675,"caption":"Augenlidkorrektur in der T\u00fcrkei"},{"@type":"BreadcrumbList","@id":"https:\/\/avicennaint.com\/de\/augenlidkorrektur-in-der-tuerkei\/#breadcrumb","itemListElement":[{"@type":"ListItem","position":1,"name":"Home","item":"https:\/\/avicennaint.com\/de\/"},{"@type":"ListItem","position":2,"name":"Augenlidkorrektur in der T\u00fcrkei"}]},{"@type":"WebSite","@id":"https:\/\/avicennaint.com\/de\/#website","url":"https:\/\/avicennaint.com\/de\/","name":"Avicenna Hastanesi","description":"Avicenna Atasehir Internationales Krankenhaus","publisher":{"@id":"https:\/\/avicennaint.com\/de\/#organization"},"alternateName":"Avicenna","potentialAction":[{"@type":"SearchAction","target":{"@type":"EntryPoint","urlTemplate":"https:\/\/avicennaint.com\/de\/?s={search_term_string}"},"query-input":{"@type":"PropertyValueSpecification","valueRequired":true,"valueName":"search_term_string"}}],"inLanguage":"de"},{"@type":"Organization","@id":"https:\/\/avicennaint.com\/de\/#organization","name":"Avicenna Hastanesi","alternateName":"Avicenna Hospital","url":"https:\/\/avicennaint.com\/de\/","logo":{"@type":"ImageObject","inLanguage":"de","@id":"https:\/\/avicennaint.com\/de\/#\/schema\/logo\/image\/","url":"https:\/\/avicennaint.com\/wp-content\/uploads\/2021\/04\/avicenna-logo-kare-blog.jpg","contentUrl":"https:\/\/avicennaint.com\/wp-content\/uploads\/2021\/04\/avicenna-logo-kare-blog.jpg","width":800,"height":450,"caption":"Avicenna Hastanesi"},"image":{"@id":"https:\/\/avicennaint.com\/de\/#\/schema\/logo\/image\/"},"sameAs":["https:\/\/www.facebook.com\/avicennaint","https:\/\/x.com\/avicennaintcom","https:\/\/mastodon.social\/@avicenna","https:\/\/www.instagram.com\/avicennahastanesi\/","https:\/\/www.linkedin.com\/company\/avicennahastanesi\/","https:\/\/www.youtube.com\/@avicennaint\/","https:\/\/www.instagram.com\/avicennaint\/"]},{"@type":"Person","@id":"https:\/\/avicennaint.com\/de\/#\/schema\/person\/055e134b638372abce3844801c716637","name":"de","image":{"@type":"ImageObject","inLanguage":"de","@id":"https:\/\/secure.gravatar.com\/avatar\/4407178cf65062f6e68b11e82005122b52c0369f98dd794de2bed09d8e2addc1?s=96&d=blank&r=g","url":"https:\/\/secure.gravatar.com\/avatar\/4407178cf65062f6e68b11e82005122b52c0369f98dd794de2bed09d8e2addc1?s=96&d=blank&r=g","contentUrl":"https:\/\/secure.gravatar.com\/avatar\/4407178cf65062f6e68b11e82005122b52c0369f98dd794de2bed09d8e2addc1?s=96&d=blank&r=g","caption":"de"},"url":"https:\/\/avicennaint.com\/de\/author\/de\/"},{"@type":"Question","@id":"https:\/\/avicennaint.com\/de\/augenlidkorrektur-in-der-tuerkei\/#faq-question-1730102048285","position":1,"url":"https:\/\/avicennaint.com\/de\/augenlidkorrektur-in-der-tuerkei\/#faq-question-1730102048285","name":"Was kostet eine Augenlidstraffung in der T\u00fcrkei?","answerCount":1,"acceptedAnswer":{"@type":"Answer","text":"Die T\u00fcrkei ist bekannt f\u00fcr ihr hervorragendes Preis-Leistungs-Verh\u00e4ltnis. Eine Augenlidstraffung hier zu planen, bedeutet, in Ihre \u00e4sthetische Reise zu investieren, ohne die Qualit\u00e4t zu kompromittieren. Im Avicenna International Hospital stehen wir f\u00fcr Exzellenz \u2013 und gleichzeitig f\u00fcr eine kluge, kosteneffiziente Entscheidung.","inLanguage":"de"},"inLanguage":"de"},{"@type":"Question","@id":"https:\/\/avicennaint.com\/de\/augenlidkorrektur-in-der-tuerkei\/#faq-question-1730102069372","position":2,"url":"https:\/\/avicennaint.com\/de\/augenlidkorrektur-in-der-tuerkei\/#faq-question-1730102069372","name":"Was ist die durchschnittliche Erholungszeit nach einer Augenlidstraffung in der T\u00fcrkei?","answerCount":1,"acceptedAnswer":{"@type":"Answer","text":"Die Erholungszeit nach einer Augenlidstraffung kann von Person zu Person unterschiedlich sein. Die meisten Patienten sind jedoch in der Regel nach etwa einer Woche bis zehn Tagen wieder bereit, ihren gewohnten Aktivit\u00e4ten nachzugehen. Dabei h\u00e4ngt es oft vom individuellen Heilungsprozess und den postoperativen Empfehlungen des Arztes ab.","inLanguage":"de"},"inLanguage":"de"}]}},"_links":{"self":[{"href":"https:\/\/avicennaint.com\/de\/wp-json\/wp\/v2\/posts\/109921","targetHints":{"allow":["GET"]}}],"collection":[{"href":"https:\/\/avicennaint.com\/de\/wp-json\/wp\/v2\/posts"}],"about":[{"href":"https:\/\/avicennaint.com\/de\/wp-json\/wp\/v2\/types\/post"}],"author":[{"embeddable":true,"href":"https:\/\/avicennaint.com\/de\/wp-json\/wp\/v2\/users\/77"}],"replies":[{"embeddable":true,"href":"https:\/\/avicennaint.com\/de\/wp-json\/wp\/v2\/comments?post=109921"}],"version-history":[{"count":0,"href":"https:\/\/avicennaint.com\/de\/wp-json\/wp\/v2\/posts\/109921\/revisions"}],"wp:featuredmedia":[{"embeddable":true,"href":"https:\/\/avicennaint.com\/de\/wp-json\/wp\/v2\/media\/109924"}],"wp:attachment":[{"href":"https:\/\/avicennaint.com\/de\/wp-json\/wp\/v2\/media?parent=109921"}],"wp:term":[{"taxonomy":"category","embeddable":true,"href":"https:\/\/avicennaint.com\/de\/wp-json\/wp\/v2\/categories?post=109921"},{"taxonomy":"post_tag","embeddable":true,"href":"https:\/\/avicennaint.com\/de\/wp-json\/wp\/v2\/tags?post=109921"}],"curies":[{"name":"wp","href":"https:\/\/api.w.org\/{rel}","templated":true}]}}